{"id":5739,"date":"2025-06-16T09:29:25","date_gmt":"2025-06-16T09:29:25","guid":{"rendered":"https:\/\/www.jeunesseabruxelles.be\/site\/?p=5739"},"modified":"2025-12-02T13:33:17","modified_gmt":"2025-12-02T13:33:17","slug":"solstice-dhiver-2025","status":"publish","type":"post","link":"https:\/\/www.jeunesseabruxelles.be\/site\/solstice-dhiver-2025\/","title":{"rendered":"SOLSTICE D&rsquo;HIVER 2025"},"content":{"rendered":"\n<figure class=\"wp-block-image size-large\"><img loading=\"lazy\" decoding=\"async\" width=\"1280\" height=\"1280\" src=\"https:\/\/www.jeunesseabruxelles.be\/site\/wp-content\/uploads\/2025\/12\/JEU25_014_carre-1280x1280.jpg\" alt=\"\" class=\"wp-image-6142\" srcset=\"https:\/\/www.jeunesseabruxelles.be\/site\/wp-content\/uploads\/2025\/12\/JEU25_014_carre-1280x1280.jpg 1280w, https:\/\/www.jeunesseabruxelles.be\/site\/wp-content\/uploads\/2025\/12\/JEU25_014_carre-400x400.jpg 400w, https:\/\/www.jeunesseabruxelles.be\/site\/wp-content\/uploads\/2025\/12\/JEU25_014_carre-150x150.jpg 150w, https:\/\/www.jeunesseabruxelles.be\/site\/wp-content\/uploads\/2025\/12\/JEU25_014_carre-768x768.jpg 768w, https:\/\/www.jeunesseabruxelles.be\/site\/wp-content\/uploads\/2025\/12\/JEU25_014_carre-1536x1536.jpg 1536w, https:\/\/www.jeunesseabruxelles.be\/site\/wp-content\/uploads\/2025\/12\/JEU25_014_carre-2048x2048.jpg 2048w\" sizes=\"auto, (max-width: 1280px) 100vw, 1280px\" \/><\/figure>\n\n\n\n<p><\/p>\n\n\n\n<p><\/p>\n\n\n\n<p><strong>AU PROGRAMME <\/strong>: <\/p>\n\n\n\n<p>A 14h ou \u00e0 16h : un spectacle jeune public de Mousta Largo (\u00e0 partir de 5 ans)<\/p>\n\n\n\n<p><strong><em>\u00ab Et si Moli\u00e8re m\u2019\u00e9tait cont\u00e9\u2026\u00a0\u00bb<\/em><\/strong><\/p>\n\n\n\n<p>Dans ce projet artistique cr\u00e9\u00e9 \u00e0 la demande de la Ville de Bruxelles pour c\u00e9l\u00e9brer les 400 ans de la naissance de Moli\u00e8re, Mousta Largo nous invite \u00e0 revisiter une partie de l\u2019\u0153uvre de Moli\u00e8re par le prisme d\u2019un spectacle cont\u00e9 et chant\u00e9. Si Jean-Baptiste Poquelin (Moli\u00e8re) reste l\u2019une des plus grandes figures du th\u00e9\u00e2tre classique, il n\u2019en demeure pas moins qu\u2019une grande partie de son \u0153uvre reste inaccessible pour un tr\u00e8s grand nombre de jeunes, et moins jeunes, malheureusement. Durant ce spectacle, les enfants ainsi que leurs parents auront l\u2019occasion de (re)d\u00e9couvrir quelques \u0153uvres classiques de l\u2019artiste, \u00e0 la fois acteur et auteur du Malade imaginaire, de L\u2019Avare, des Fourberies de Scapin, et bien d\u2019autres encore avec, comme toile de fond, les d\u00e9cors de Versailles ou de\u2026 Marrakech. Moli\u00e8re, com\u00e9dien du Roi Soleil, et Momo, conteur public Marrakchi, se donnent \u00e0 c\u0153ur joie \u00e0 une joute d\u2019histoires, de contes, et de chants.<\/p>\n\n\n\n<p><strong>Distribution sc\u00e9nique : <\/strong>Mousta Largo, conte, chant et luth, accompagn\u00e9 par un percussionniste et un bassiste.<\/p>\n\n\n\n<p><strong>Go\u00fbter <\/strong>\u00e0 partir de 14h00<\/p>\n\n\n\n<p><strong>Animations <\/strong>cr\u00e9atives et r\u00e9cr\u00e9atives (ch\u00e2teaux gonflables, grimage, v\u00e9lo, cerf-volant&#8230;) de 14h00 \u00e0 17h00<\/p>\n\n\n\n<p><strong>Entr\u00e9e Gratuite &#8211; R\u00e9servation obligatoire<\/strong> aupr\u00e8s de l\u2019asbl Jeunesse \u00e0 Bruxellesau T +32(0)2 204 00 01 ou 06 (13h30 > 17h)<\/p>\n\n\n\n<p><\/p>\n","protected":false},"excerpt":{"rendered":"<p>AU PROGRAMME : A 14h ou \u00e0 16h : un spectacle jeune public de Mousta Largo (\u00e0 partir de 5 ans) \u00ab Et si Moli\u00e8re m\u2019\u00e9tait cont\u00e9\u2026\u00a0\u00bb Dans ce projet artistique cr\u00e9\u00e9 \u00e0 la demande de la Ville de Bruxelles pour c\u00e9l\u00e9brer les 400 ans de la naissance de Moli\u00e8re, Mousta Largo nous invite \u00e0 &hellip; <a href=\"https:\/\/www.jeunesseabruxelles.be\/site\/solstice-dhiver-2025\/\" class=\"more-link\">Continuer la lecture de <span class=\"screen-reader-text\">SOLSTICE D&rsquo;HIVER 2025<\/span> <span class=\"meta-nav\">&rarr;<\/span><\/a><\/p>\n","protected":false},"author":2,"featured_media":6142,"comment_status":"closed","ping_status":"open","sticky":false,"template":"","format":"standard","meta":{"footnotes":""},"categories":[9],"tags":[7],"class_list":["post-5739","post","type-post","status-publish","format-standard","has-post-thumbnail","hentry","category-evenements","tag-mis-en-avant"],"_links":{"self":[{"href":"https:\/\/www.jeunesseabruxelles.be\/site\/wp-json\/wp\/v2\/posts\/5739","targetHints":{"allow":["GET"]}}],"collection":[{"href":"https:\/\/www.jeunesseabruxelles.be\/site\/wp-json\/wp\/v2\/posts"}],"about":[{"href":"https:\/\/www.jeunesseabruxelles.be\/site\/wp-json\/wp\/v2\/types\/post"}],"author":[{"embeddable":true,"href":"https:\/\/www.jeunesseabruxelles.be\/site\/wp-json\/wp\/v2\/users\/2"}],"replies":[{"embeddable":true,"href":"https:\/\/www.jeunesseabruxelles.be\/site\/wp-json\/wp\/v2\/comments?post=5739"}],"version-history":[{"count":3,"href":"https:\/\/www.jeunesseabruxelles.be\/site\/wp-json\/wp\/v2\/posts\/5739\/revisions"}],"predecessor-version":[{"id":6146,"href":"https:\/\/www.jeunesseabruxelles.be\/site\/wp-json\/wp\/v2\/posts\/5739\/revisions\/6146"}],"wp:featuredmedia":[{"embeddable":true,"href":"https:\/\/www.jeunesseabruxelles.be\/site\/wp-json\/wp\/v2\/media\/6142"}],"wp:attachment":[{"href":"https:\/\/www.jeunesseabruxelles.be\/site\/wp-json\/wp\/v2\/media?parent=5739"}],"wp:term":[{"taxonomy":"category","embeddable":true,"href":"https:\/\/www.jeunesseabruxelles.be\/site\/wp-json\/wp\/v2\/categories?post=5739"},{"taxonomy":"post_tag","embeddable":true,"href":"https:\/\/www.jeunesseabruxelles.be\/site\/wp-json\/wp\/v2\/tags?post=5739"}],"curies":[{"name":"wp","href":"https:\/\/api.w.org\/{rel}","templated":true}]}}