{"id":2152,"date":"2018-05-09T08:16:06","date_gmt":"2018-05-09T08:16:06","guid":{"rendered":"http:\/\/www.jeunesseabruxelles.be\/site\/?p=2152"},"modified":"2026-01-12T08:50:30","modified_gmt":"2026-01-12T08:50:30","slug":"inscription-via-une-institution","status":"publish","type":"post","link":"https:\/\/www.jeunesseabruxelles.be\/site\/inscription-via-une-institution\/","title":{"rendered":"Inscription via une institution"},"content":{"rendered":"<p>Vous trouverez ci-dessous le formulaire pr\u00e9vu pour les demandes d&rsquo;inscription \u00e9manant d&rsquo;institutions.<\/p>\n<p>Rappel : ce formulaire, d\u00fbment compl\u00e9t\u00e9, est \u00e0 nous renvoyer par fax, courrier ou courriel au Secr\u00e9tariat des Activit\u00e9s de vacances accompagn\u00e9e <strong>d&rsquo;une attestation de prise en charge<\/strong>.<\/p>\n<a href=\"https:\/\/www.jeunesseabruxelles.be\/site\/wp-content\/uploads\/2026\/01\/Fiche-Inscription-Plaines-Institutions-CAR-PRI-26-1.pdf\" class=\"su-button su-button-style-default\" style=\"color:#FFFFFF;background-color:#2D89EF;border-color:#246ec0;border-radius:5px\" target=\"_self\"><span style=\"color:#FFFFFF;padding:0px 16px;font-size:13px;line-height:26px;border-color:#6cadf4;border-radius:5px;text-shadow:none\"> T\u00e9l\u00e9charger bulletin d&rsquo;inscription pour les institutions Carnaval 2026<\/span><\/a>\n<p>(* si vous ne pouvez visualiser les fichiers, t\u00e9l\u00e9chargez Acrobate Reader <a href=\"http:\/\/www.adobe.com\/fr\/products\/acrobat\/readstep2.html\" target=\"_blank\" rel=\"noopener noreferrer\">ici<\/a>)<\/p>\n<div class=\"su-spoiler su-spoiler-style-default su-spoiler-icon-plus su-spoiler-closed\" data-scroll-offset=\"0\" data-anchor-in-url=\"no\"><div class=\"su-spoiler-title\" tabindex=\"0\" role=\"button\"><span class=\"su-spoiler-icon\"><\/span>Les tarifs<\/div><div class=\"su-spoiler-content su-u-clearfix su-u-trim\">\n<p><u>Stages\u00a0:<\/u><\/p>\n<ul>\n<li>Tarif plein\u00a0: 75\u20ac<\/li>\n<li>Tarif pr\u00e9f\u00e9rentiel\u00a0(r\u00e9serv\u00e9 aux institutions qui d\u00e9pendent du CPAS de Bruxelles): 50\u20ac<\/li>\n<\/ul>\n<p><u>S\u00e9jours (12 jours):<\/u><\/p>\n<ul>\n<li>Tarif plein\u00a0: 200\u20ac<\/li>\n<li>Tarif pr\u00e9f\u00e9rentiel (r\u00e9serv\u00e9 aux institutions qui d\u00e9pendent du CPAS de Bruxelles): 160\u20ac<\/li>\n<\/ul>\n<p><u>Plaines\u00a0:<\/u><\/p>\n<p>Semaine de 5 jours (sans jour f\u00e9ri\u00e9)\u00a0:<\/p>\n<ul>\n<li>Tarif plein : 30\u20ac<\/li>\n<li>tarif pr\u00e9f\u00e9rentiel (r\u00e9serv\u00e9 aux institutions qui d\u00e9pendent du CPAS de Bruxelles): 10\u20ac<\/li>\n<\/ul>\n<p>Semaine de 4 jours\u00a0 :<\/p>\n<ul>\n<li>tarif plein : 24\u20ac<\/li>\n<li>tarif pr\u00e9f\u00e9rentiel (r\u00e9serv\u00e9 aux institutions qui d\u00e9pendent du CPAS de Bruxelles): 8\u20ac<\/li>\n<\/ul>\n<p>Semaine de 3 jours :<\/p>\n<ul>\n<li>tarif plein : 18\u20ac<\/li>\n<li>tarif pr\u00e9f\u00e9rentiel (r\u00e9serv\u00e9 aux institutions qui d\u00e9pendent du CPAS de Bruxelles): 6\u20ac<\/li>\n<\/ul>\n<p>Semaine de 2 jours :<\/p>\n<ul>\n<li>tarif plein : 12\u20ac<\/li>\n<li>tarif pr\u00e9f\u00e9rentiel (r\u00e9serv\u00e9 aux institutions qui d\u00e9pendent du CPAS de Bruxelles): 4\u20ac<\/li>\n<\/ul>\n<\/div><\/div>\n","protected":false},"excerpt":{"rendered":"<p>Vous trouverez ci-dessous le formulaire pr\u00e9vu pour les demandes d&rsquo;inscription \u00e9manant d&rsquo;institutions. Rappel : ce formulaire, d\u00fbment compl\u00e9t\u00e9, est \u00e0 nous renvoyer par fax, courrier ou courriel au Secr\u00e9tariat des Activit\u00e9s de vacances accompagn\u00e9e d&rsquo;une attestation de prise en charge. (* si vous ne pouvez visualiser les fichiers, t\u00e9l\u00e9chargez Acrobate Reader ici)<\/p>\n","protected":false},"author":2,"featured_media":0,"comment_status":"closed","ping_status":"open","sticky":false,"template":"","format":"standard","meta":{"footnotes":""},"categories":[6],"tags":[],"class_list":["post-2152","post","type-post","status-publish","format-standard","hentry","category-activites-de-vacances"],"_links":{"self":[{"href":"https:\/\/www.jeunesseabruxelles.be\/site\/wp-json\/wp\/v2\/posts\/2152","targetHints":{"allow":["GET"]}}],"collection":[{"href":"https:\/\/www.jeunesseabruxelles.be\/site\/wp-json\/wp\/v2\/posts"}],"about":[{"href":"https:\/\/www.jeunesseabruxelles.be\/site\/wp-json\/wp\/v2\/types\/post"}],"author":[{"embeddable":true,"href":"https:\/\/www.jeunesseabruxelles.be\/site\/wp-json\/wp\/v2\/users\/2"}],"replies":[{"embeddable":true,"href":"https:\/\/www.jeunesseabruxelles.be\/site\/wp-json\/wp\/v2\/comments?post=2152"}],"version-history":[{"count":48,"href":"https:\/\/www.jeunesseabruxelles.be\/site\/wp-json\/wp\/v2\/posts\/2152\/revisions"}],"predecessor-version":[{"id":6284,"href":"https:\/\/www.jeunesseabruxelles.be\/site\/wp-json\/wp\/v2\/posts\/2152\/revisions\/6284"}],"wp:attachment":[{"href":"https:\/\/www.jeunesseabruxelles.be\/site\/wp-json\/wp\/v2\/media?parent=2152"}],"wp:term":[{"taxonomy":"category","embeddable":true,"href":"https:\/\/www.jeunesseabruxelles.be\/site\/wp-json\/wp\/v2\/categories?post=2152"},{"taxonomy":"post_tag","embeddable":true,"href":"https:\/\/www.jeunesseabruxelles.be\/site\/wp-json\/wp\/v2\/tags?post=2152"}],"curies":[{"name":"wp","href":"https:\/\/api.w.org\/{rel}","templated":true}]}}